{"id":21536,"date":"2025-04-23T11:07:16","date_gmt":"2025-04-23T09:07:16","guid":{"rendered":"https:\/\/juwelieramschloss.de\/fashion\/?p=21536"},"modified":"2025-04-28T09:56:49","modified_gmt":"2025-04-28T07:56:49","slug":"thomas-sabo-perlenpower-zum-muttertag","status":"publish","type":"post","link":"https:\/\/juwelieramschloss.de\/fashion\/aktuelles\/thomas-sabo-perlenpower-zum-muttertag\/","title":{"rendered":"Thomas Sabo: Perlenpower zum Muttertag"},"content":{"rendered":"\t\t<div data-elementor-type=\"wp-post\" data-elementor-id=\"21536\" class=\"elementor elementor-21536\">\n\t\t\t\t\t\t<div class=\"elementor-inner\">\n\t\t\t\t<div class=\"elementor-section-wrap\">\n\t\t\t\t\t\t\t\t\t<section class=\"has_ae_slider elementor-section elementor-top-section elementor-element elementor-element-5a545da elementor-section-height-min-height elementor-section-stretched elementor-section-boxed elementor-section-height-default elementor-section-items-middle ae-bg-gallery-type-default\" data-id=\"5a545da\" data-element_type=\"section\" data-settings=\"{&quot;stretch_section&quot;:&quot;section-stretched&quot;}\">\n\t\t\t\t\t\t<div class=\"elementor-container elementor-column-gap-default\">\n\t\t\t\t\t\t\t<div class=\"elementor-row\">\n\t\t\t\t\t<div class=\"has_ae_slider elementor-column elementor-col-100 elementor-top-column elementor-element elementor-element-1531297 ae-bg-gallery-type-default\" data-id=\"1531297\" data-element_type=\"column\" data-settings=\"{&quot;background_background&quot;:&quot;classic&quot;}\">\n\t\t\t<div class=\"elementor-column-wrap elementor-element-populated\">\n\t\t\t\t\t\t\t<div class=\"elementor-widget-wrap\">\n\t\t\t\t\t\t<div class=\"elementor-element elementor-element-3b751c1 elementor-widget elementor-widget-heading\" data-id=\"3b751c1\" data-element_type=\"widget\" data-widget_type=\"heading.default\">\n\t\t\t\t<div class=\"elementor-widget-container\">\n\t\t\t<h2 class=\"elementor-heading-title elementor-size-default\">Ein besonderer Tag<\/h2>\t\t<\/div>\n\t\t\t\t<\/div>\n\t\t\t\t<div class=\"elementor-element elementor-element-cabc3dc elementor-widget elementor-widget-heading\" data-id=\"cabc3dc\" data-element_type=\"widget\" data-widget_type=\"heading.default\">\n\t\t\t\t<div class=\"elementor-widget-container\">\n\t\t\t<h2 class=\"elementor-heading-title elementor-size-default\">mit Juwelier am Schloss Fashion<\/h2>\t\t<\/div>\n\t\t\t\t<\/div>\n\t\t\t\t<div class=\"elementor-element elementor-element-5a85f15 elementor-widget-divider--view-line elementor-widget elementor-widget-divider\" data-id=\"5a85f15\" data-element_type=\"widget\" data-widget_type=\"divider.default\">\n\t\t\t\t<div class=\"elementor-widget-container\">\n\t\t\t\t\t<div class=\"elementor-divider\">\n\t\t\t<span class=\"elementor-divider-separator\">\n\t\t\t\t\t\t<\/span>\n\t\t<\/div>\n\t\t\t\t<\/div>\n\t\t\t\t<\/div>\n\t\t\t\t<div class=\"elementor-element elementor-element-842a682 elementor-widget elementor-widget-text-editor\" data-id=\"842a682\" data-element_type=\"widget\" data-widget_type=\"text-editor.default\">\n\t\t\t\t<div class=\"elementor-widget-container\">\n\t\t\t\t\t\t\t\t<div class=\"elementor-text-editor elementor-clearfix\">\n\t\t\t\t<p>Ob elegant zum Dinner oder l\u00e4ssig im Alltag \u2013 Perlen sind zur\u00fcck. Und mit der neuen Bold Elegance-Kollektion von Thomas Sabo wird der Muttertag 2025 besonders stilvoll gefeiert. Der schimmernde Perlenschmuck bringt die nat\u00fcrliche Sch\u00f6nheit und St\u00e4rke all jener Frauen zum Ausdruck, die wir feiern \u2013 unsere M\u00fctter.<\/p>\t\t\t\t\t<\/div>\n\t\t\t\t\t\t<\/div>\n\t\t\t\t<\/div>\n\t\t\t\t\t\t<\/div>\n\t\t\t\t\t<\/div>\n\t\t<\/div>\n\t\t\t\t\t\t\t\t<\/div>\n\t\t\t\t\t<\/div>\n\t\t<\/section>\n\t\t\t\t<section class=\"has_ae_slider elementor-section elementor-top-section elementor-element elementor-element-1dde5b9 elementor-section-full_width elementor-section-height-min-height elementor-hidden-phone elementor-section-stretched elementor-section-height-default elementor-section-items-middle ae-bg-gallery-type-default\" data-id=\"1dde5b9\" data-element_type=\"section\" data-settings=\"{&quot;stretch_section&quot;:&quot;section-stretched&quot;}\">\n\t\t\t\t\t\t<div class=\"elementor-container elementor-column-gap-default\">\n\t\t\t\t\t\t\t<div class=\"elementor-row\">\n\t\t\t\t\t<div class=\"has_ae_slider elementor-column elementor-col-50 elementor-top-column elementor-element elementor-element-5aa1afb ae-bg-gallery-type-default\" data-id=\"5aa1afb\" data-element_type=\"column\">\n\t\t\t<div class=\"elementor-column-wrap\">\n\t\t\t\t\t\t\t<div class=\"elementor-widget-wrap\">\n\t\t\t\t\t\t\t\t<\/div>\n\t\t\t\t\t<\/div>\n\t\t<\/div>\n\t\t\t\t<div class=\"has_ae_slider elementor-column elementor-col-50 elementor-top-column elementor-element elementor-element-ca45831 ae-bg-gallery-type-default\" data-id=\"ca45831\" data-element_type=\"column\" data-settings=\"{&quot;background_background&quot;:&quot;classic&quot;}\">\n\t\t\t<div class=\"elementor-column-wrap elementor-element-populated\">\n\t\t\t\t\t\t\t<div class=\"elementor-widget-wrap\">\n\t\t\t\t\t\t<div class=\"elementor-element elementor-element-3f0d795 elementor-widget elementor-widget-spacer\" data-id=\"3f0d795\" data-element_type=\"widget\" data-widget_type=\"spacer.default\">\n\t\t\t\t<div class=\"elementor-widget-container\">\n\t\t\t\t\t<div class=\"elementor-spacer\">\n\t\t\t<div class=\"elementor-spacer-inner\"><\/div>\n\t\t<\/div>\n\t\t\t\t<\/div>\n\t\t\t\t<\/div>\n\t\t\t\t\t\t<\/div>\n\t\t\t\t\t<\/div>\n\t\t<\/div>\n\t\t\t\t\t\t\t\t<\/div>\n\t\t\t\t\t<\/div>\n\t\t<\/section>\n\t\t\t\t<section class=\"has_ae_slider elementor-section elementor-top-section elementor-element elementor-element-057799a elementor-section-content-middle elementor-section-stretched elementor-section-boxed elementor-section-height-default elementor-section-height-default ae-bg-gallery-type-default\" data-id=\"057799a\" data-element_type=\"section\" data-settings=\"{&quot;stretch_section&quot;:&quot;section-stretched&quot;}\">\n\t\t\t\t\t\t<div class=\"elementor-container elementor-column-gap-default\">\n\t\t\t\t\t\t\t<div class=\"elementor-row\">\n\t\t\t\t\t<div class=\"has_ae_slider elementor-column elementor-col-50 elementor-top-column elementor-element elementor-element-243f5e9 ae-bg-gallery-type-default\" data-id=\"243f5e9\" data-element_type=\"column\" data-settings=\"{&quot;background_background&quot;:&quot;classic&quot;}\">\n\t\t\t<div class=\"elementor-column-wrap elementor-element-populated\">\n\t\t\t\t\t\t\t<div class=\"elementor-widget-wrap\">\n\t\t\t\t\t\t<div class=\"elementor-element elementor-element-dd813ff elementor-widget elementor-widget-heading\" data-id=\"dd813ff\" data-element_type=\"widget\" data-widget_type=\"heading.default\">\n\t\t\t\t<div class=\"elementor-widget-container\">\n\t\t\t<h2 class=\"elementor-heading-title elementor-size-default\">Moderne M\u00fctter \u2013<\/h2>\t\t<\/div>\n\t\t\t\t<\/div>\n\t\t\t\t<div class=\"elementor-element elementor-element-7b365b0 elementor-widget elementor-widget-heading\" data-id=\"7b365b0\" data-element_type=\"widget\" data-widget_type=\"heading.default\">\n\t\t\t\t<div class=\"elementor-widget-container\">\n\t\t\t<h2 class=\"elementor-heading-title elementor-size-default\">echte Klassiker<\/h2>\t\t<\/div>\n\t\t\t\t<\/div>\n\t\t\t\t<div class=\"elementor-element elementor-element-821bbc4 elementor-widget-divider--view-line elementor-widget elementor-widget-divider\" data-id=\"821bbc4\" data-element_type=\"widget\" data-widget_type=\"divider.default\">\n\t\t\t\t<div class=\"elementor-widget-container\">\n\t\t\t\t\t<div class=\"elementor-divider\">\n\t\t\t<span class=\"elementor-divider-separator\">\n\t\t\t\t\t\t<\/span>\n\t\t<\/div>\n\t\t\t\t<\/div>\n\t\t\t\t<\/div>\n\t\t\t\t<div class=\"elementor-element elementor-element-3a701f8 elementor-widget elementor-widget-text-editor\" data-id=\"3a701f8\" data-element_type=\"widget\" data-widget_type=\"text-editor.default\">\n\t\t\t\t<div class=\"elementor-widget-container\">\n\t\t\t\t\t\t\t\t<div class=\"elementor-text-editor elementor-clearfix\">\n\t\t\t\t<p>Die neue Bold Elegance-Linie von Thomas Sabo interpretiert die klassische Perle neu \u2013 als Symbol f\u00fcr St\u00e4rke, Anmut und Individualit\u00e4t. Der Mix aus organisch geformten S\u00fc\u00dfwasserzuchtperlen und zeitgen\u00f6ssischen Silhouetten verleiht jedem Schmuckst\u00fcck einen ausdrucksstarken, modernen Look. Highlight der Kollektion ist die vergoldete Perlenkette, bei der sich gl\u00e4nzende Perlen und ineinander verschlungene Anh\u00e4nger aus recyceltem 925er Silber zu einem ausdrucksstarken Statement-Schmuckst\u00fcck vereinen. Die Anh\u00e4nger sind von der Natur inspiriert und erinnern mit ihren flie\u00dfenden, unregelm\u00e4\u00dfigen Formen an gewachsene Sch\u00f6nheit. Durch das Verl\u00e4ngerungskettchen kann die Kette als Choker oder klassisch getragen werden \u2013 wandelbar wie die Tr\u00e4gerin selbst.<\/p><p>Das passende Perlenarmband erg\u00e4nzt den Look: Auch hier sorgen au\u00dfergew\u00f6hnlich geformte Perlen und ein auff\u00e4lliger Anh\u00e4nger f\u00fcr eine stilvolle Kombination aus klassischer Eleganz und modernem Twist. Dank der verstellbaren L\u00e4nge (16\u201319 cm) sitzt das Armband perfekt \u2013 ob zu festlichen Anl\u00e4ssen oder im Alltag.<\/p>\t\t\t\t\t<\/div>\n\t\t\t\t\t\t<\/div>\n\t\t\t\t<\/div>\n\t\t\t\t\t\t<\/div>\n\t\t\t\t\t<\/div>\n\t\t<\/div>\n\t\t\t\t<div class=\"has_ae_slider elementor-column elementor-col-50 elementor-top-column elementor-element elementor-element-7348c94 ae-bg-gallery-type-default\" data-id=\"7348c94\" data-element_type=\"column\">\n\t\t\t<div class=\"elementor-column-wrap elementor-element-populated\">\n\t\t\t\t\t\t\t<div class=\"elementor-widget-wrap\">\n\t\t\t\t\t\t<div class=\"elementor-element elementor-element-1d5cc90 elementor-widget elementor-widget-image\" data-id=\"1d5cc90\" data-element_type=\"widget\" data-widget_type=\"image.default\">\n\t\t\t\t<div class=\"elementor-widget-container\">\n\t\t\t\t\t\t\t\t<div class=\"elementor-image\">\n\t\t\t\t\t\t\t\t\t\t\t\t<img decoding=\"async\" width=\"800\" height=\"600\" src=\"https:\/\/juwelieramschloss.de\/fashion\/wp-content\/uploads\/sites\/5\/2025\/04\/muttertag-news-2025-1.jpg\" class=\"attachment-full size-full wp-image-21545\" alt=\"\" loading=\"lazy\" srcset=\"https:\/\/juwelieramschloss.de\/fashion\/wp-content\/uploads\/sites\/5\/2025\/04\/muttertag-news-2025-1.jpg 800w, https:\/\/juwelieramschloss.de\/fashion\/wp-content\/uploads\/sites\/5\/2025\/04\/muttertag-news-2025-1-300x225.jpg 300w, https:\/\/juwelieramschloss.de\/fashion\/wp-content\/uploads\/sites\/5\/2025\/04\/muttertag-news-2025-1-768x576.jpg 768w, https:\/\/juwelieramschloss.de\/fashion\/wp-content\/uploads\/sites\/5\/2025\/04\/muttertag-news-2025-1-600x450.jpg 600w, https:\/\/juwelieramschloss.de\/fashion\/wp-content\/uploads\/sites\/5\/2025\/04\/muttertag-news-2025-1-107x80.jpg 107w, https:\/\/juwelieramschloss.de\/fashion\/wp-content\/uploads\/sites\/5\/2025\/04\/muttertag-news-2025-1-301x226.jpg 301w, https:\/\/juwelieramschloss.de\/fashion\/wp-content\/uploads\/sites\/5\/2025\/04\/muttertag-news-2025-1-500x375.jpg 500w\" sizes=\"(max-width: 800px) 100vw, 800px\" \/>\t\t\t\t\t\t\t\t\t\t\t\t\t\t<\/div>\n\t\t\t\t\t\t<\/div>\n\t\t\t\t<\/div>\n\t\t\t\t\t\t<\/div>\n\t\t\t\t\t<\/div>\n\t\t<\/div>\n\t\t\t\t\t\t\t\t<\/div>\n\t\t\t\t\t<\/div>\n\t\t<\/section>\n\t\t\t\t<section class=\"has_ae_slider elementor-section elementor-top-section elementor-element elementor-element-0bb3de5 elementor-section-full_width elementor-section-height-min-height elementor-hidden-phone elementor-section-stretched elementor-section-height-default elementor-section-items-middle ae-bg-gallery-type-default\" data-id=\"0bb3de5\" data-element_type=\"section\" data-settings=\"{&quot;stretch_section&quot;:&quot;section-stretched&quot;}\">\n\t\t\t\t\t\t<div class=\"elementor-container elementor-column-gap-default\">\n\t\t\t\t\t\t\t<div class=\"elementor-row\">\n\t\t\t\t\t<div class=\"has_ae_slider elementor-column elementor-col-50 elementor-top-column elementor-element elementor-element-0be0c43 ae-bg-gallery-type-default\" data-id=\"0be0c43\" data-element_type=\"column\" data-settings=\"{&quot;background_background&quot;:&quot;classic&quot;}\">\n\t\t\t<div class=\"elementor-column-wrap elementor-element-populated\">\n\t\t\t\t\t\t\t<div class=\"elementor-widget-wrap\">\n\t\t\t\t\t\t<div class=\"elementor-element elementor-element-d82bf9b elementor-widget elementor-widget-spacer\" data-id=\"d82bf9b\" data-element_type=\"widget\" data-widget_type=\"spacer.default\">\n\t\t\t\t<div class=\"elementor-widget-container\">\n\t\t\t\t\t<div class=\"elementor-spacer\">\n\t\t\t<div class=\"elementor-spacer-inner\"><\/div>\n\t\t<\/div>\n\t\t\t\t<\/div>\n\t\t\t\t<\/div>\n\t\t\t\t\t\t<\/div>\n\t\t\t\t\t<\/div>\n\t\t<\/div>\n\t\t\t\t<div class=\"has_ae_slider elementor-column elementor-col-50 elementor-top-column elementor-element elementor-element-1c756b9 ae-bg-gallery-type-default\" data-id=\"1c756b9\" data-element_type=\"column\">\n\t\t\t<div class=\"elementor-column-wrap\">\n\t\t\t\t\t\t\t<div class=\"elementor-widget-wrap\">\n\t\t\t\t\t\t\t\t<\/div>\n\t\t\t\t\t<\/div>\n\t\t<\/div>\n\t\t\t\t\t\t\t\t<\/div>\n\t\t\t\t\t<\/div>\n\t\t<\/section>\n\t\t\t\t<section class=\"has_ae_slider elementor-section elementor-top-section elementor-element elementor-element-fbd61f6 elementor-section-content-middle elementor-reverse-mobile elementor-section-stretched elementor-section-boxed elementor-section-height-default elementor-section-height-default ae-bg-gallery-type-default\" data-id=\"fbd61f6\" data-element_type=\"section\" data-settings=\"{&quot;stretch_section&quot;:&quot;section-stretched&quot;}\">\n\t\t\t\t\t\t<div class=\"elementor-container elementor-column-gap-default\">\n\t\t\t\t\t\t\t<div class=\"elementor-row\">\n\t\t\t\t\t<div class=\"has_ae_slider elementor-column elementor-col-50 elementor-top-column elementor-element elementor-element-8e1d67a ae-bg-gallery-type-default\" data-id=\"8e1d67a\" data-element_type=\"column\">\n\t\t\t<div class=\"elementor-column-wrap elementor-element-populated\">\n\t\t\t\t\t\t\t<div class=\"elementor-widget-wrap\">\n\t\t\t\t\t\t<div class=\"elementor-element elementor-element-081c30f elementor-widget elementor-widget-image\" data-id=\"081c30f\" data-element_type=\"widget\" data-widget_type=\"image.default\">\n\t\t\t\t<div class=\"elementor-widget-container\">\n\t\t\t\t\t\t\t\t<div class=\"elementor-image\">\n\t\t\t\t\t\t\t\t\t\t\t\t<img decoding=\"async\" width=\"800\" height=\"600\" src=\"https:\/\/juwelieramschloss.de\/fashion\/wp-content\/uploads\/sites\/5\/2025\/04\/muttertag-news-2025-2.jpg\" class=\"attachment-full size-full wp-image-21546\" alt=\"\" loading=\"lazy\" srcset=\"https:\/\/juwelieramschloss.de\/fashion\/wp-content\/uploads\/sites\/5\/2025\/04\/muttertag-news-2025-2.jpg 800w, https:\/\/juwelieramschloss.de\/fashion\/wp-content\/uploads\/sites\/5\/2025\/04\/muttertag-news-2025-2-300x225.jpg 300w, https:\/\/juwelieramschloss.de\/fashion\/wp-content\/uploads\/sites\/5\/2025\/04\/muttertag-news-2025-2-768x576.jpg 768w, https:\/\/juwelieramschloss.de\/fashion\/wp-content\/uploads\/sites\/5\/2025\/04\/muttertag-news-2025-2-600x450.jpg 600w, https:\/\/juwelieramschloss.de\/fashion\/wp-content\/uploads\/sites\/5\/2025\/04\/muttertag-news-2025-2-107x80.jpg 107w, https:\/\/juwelieramschloss.de\/fashion\/wp-content\/uploads\/sites\/5\/2025\/04\/muttertag-news-2025-2-301x226.jpg 301w, https:\/\/juwelieramschloss.de\/fashion\/wp-content\/uploads\/sites\/5\/2025\/04\/muttertag-news-2025-2-500x375.jpg 500w\" sizes=\"(max-width: 800px) 100vw, 800px\" \/>\t\t\t\t\t\t\t\t\t\t\t\t\t\t<\/div>\n\t\t\t\t\t\t<\/div>\n\t\t\t\t<\/div>\n\t\t\t\t\t\t<\/div>\n\t\t\t\t\t<\/div>\n\t\t<\/div>\n\t\t\t\t<div class=\"has_ae_slider elementor-column elementor-col-50 elementor-top-column elementor-element elementor-element-d00360a ae-bg-gallery-type-default\" data-id=\"d00360a\" data-element_type=\"column\" data-settings=\"{&quot;background_background&quot;:&quot;classic&quot;}\">\n\t\t\t<div class=\"elementor-column-wrap elementor-element-populated\">\n\t\t\t\t\t\t\t<div class=\"elementor-widget-wrap\">\n\t\t\t\t\t\t<div class=\"elementor-element elementor-element-6227cd7 elementor-widget elementor-widget-heading\" data-id=\"6227cd7\" data-element_type=\"widget\" data-widget_type=\"heading.default\">\n\t\t\t\t<div class=\"elementor-widget-container\">\n\t\t\t<h2 class=\"elementor-heading-title elementor-size-default\">F\u00fcr die Perle <\/h2>\t\t<\/div>\n\t\t\t\t<\/div>\n\t\t\t\t<div class=\"elementor-element elementor-element-afdd7c3 elementor-widget elementor-widget-heading\" data-id=\"afdd7c3\" data-element_type=\"widget\" data-widget_type=\"heading.default\">\n\t\t\t\t<div class=\"elementor-widget-container\">\n\t\t\t<h2 class=\"elementor-heading-title elementor-size-default\">des Hauses <\/h2>\t\t<\/div>\n\t\t\t\t<\/div>\n\t\t\t\t<div class=\"elementor-element elementor-element-199ea7a elementor-widget-divider--view-line elementor-widget elementor-widget-divider\" data-id=\"199ea7a\" data-element_type=\"widget\" data-widget_type=\"divider.default\">\n\t\t\t\t<div class=\"elementor-widget-container\">\n\t\t\t\t\t<div class=\"elementor-divider\">\n\t\t\t<span class=\"elementor-divider-separator\">\n\t\t\t\t\t\t<\/span>\n\t\t<\/div>\n\t\t\t\t<\/div>\n\t\t\t\t<\/div>\n\t\t\t\t<div class=\"elementor-element elementor-element-6950c1b elementor-widget elementor-widget-text-editor\" data-id=\"6950c1b\" data-element_type=\"widget\" data-widget_type=\"text-editor.default\">\n\t\t\t\t<div class=\"elementor-widget-container\">\n\t\t\t\t\t\t\t\t<div class=\"elementor-text-editor elementor-clearfix\">\n\t\t\t\t<p>\u201eDie Liebe einer Mutter ist der Anker im Leben.\u201c \u2013 Ein Zitat, das perfekt zur Symbolik der Perle passt: Sie steht f\u00fcr Reinheit, Weisheit und Best\u00e4ndigkeit. Der Muttertag ist der Moment, all das zur\u00fcckzugeben \u2013 mit einem Geschenk, das bleibt. Die Bold Elegance-Kollektion von Thomas Sabo vereint hochwertige Handwerkskunst mit nachhaltigen Materialien. Alle St\u00fccke bestehen aus recyceltem 925 Silber und sind teilweise mit 18k Gold veredelt \u2013 ein sichtbares Zeichen f\u00fcr Wertsch\u00e4tzung und Stil. Jede Perle ist ein Unikat, genauso wie jede Mutter.<\/p><p><strong>Besuchen Sie uns bei Juwelier Am Schloss Fashion<\/strong> und machen Sie den Muttertag 2025 zu einem gl\u00e4nzenden H\u00f6hepunkt \u2013 mit einem Schmuckst\u00fcck, das sagt: \u201eDanke, dass du da bist.\u201c<\/p>\t\t\t\t\t<\/div>\n\t\t\t\t\t\t<\/div>\n\t\t\t\t<\/div>\n\t\t\t\t<div class=\"elementor-element elementor-element-dd1168f elementor-mobile-align-center elementor-widget elementor-widget-button\" data-id=\"dd1168f\" data-element_type=\"widget\" data-widget_type=\"button.default\">\n\t\t\t\t<div class=\"elementor-widget-container\">\n\t\t\t\t\t<div class=\"elementor-button-wrapper\">\n\t\t\t<a class=\"elementor-button elementor-button-link elementor-size-sm\" href=\"\/fashion\/schmucksortiment\/\">\n\t\t\t\t\t\t<span class=\"elementor-button-content-wrapper\">\n\t\t\t\t\t\t<span class=\"elementor-button-text\">Jetzt entdecken<\/span>\n\t\t<\/span>\n\t\t\t\t\t<\/a>\n\t\t<\/div>\n\t\t\t\t<\/div>\n\t\t\t\t<\/div>\n\t\t\t\t\t\t<\/div>\n\t\t\t\t\t<\/div>\n\t\t<\/div>\n\t\t\t\t\t\t\t\t<\/div>\n\t\t\t\t\t<\/div>\n\t\t<\/section>\n\t\t\t\t\t\t\t\t\t<\/div>\n\t\t\t<\/div>\n\t\t\t\t\t<\/div>\n\t\t","protected":false},"excerpt":{"rendered":"<p>Ob elegant zum Dinner oder l\u00e4ssig im Alltag \u2013 Perlen sind zur\u00fcck. Und mit der neuen Bold Elegance-Kollektion von Thomas Sabo wird der Muttertag 2025 besonders stilvoll gefeiert.<\/p>\n","protected":false},"author":7,"featured_media":21546,"comment_status":"open","ping_status":"open","sticky":false,"template":"","format":"standard","meta":{"site-sidebar-layout":"no-sidebar","site-content-layout":"page-builder","ast-global-header-display":"","ast-banner-title-visibility":"","ast-main-header-display":"","ast-hfb-above-header-display":"","ast-hfb-below-header-display":"","ast-hfb-mobile-header-display":"","site-post-title":"disabled","ast-breadcrumbs-content":"","ast-featured-img":"","footer-sml-layout":"","theme-transparent-header-meta":"","adv-header-id-meta":"","stick-header-meta":"","header-above-stick-meta":"","header-main-stick-meta":"","header-below-stick-meta":""},"categories":[1],"tags":[],"acf":[],"yoast_head":"<!-- This site is optimized with the Yoast SEO plugin v20.9 - https:\/\/yoast.com\/wordpress\/plugins\/seo\/ -->\n<title>Thomas Sabo: Perlenpower zum Muttertag - Juwelier Am Schloss Fashion<\/title>\n<meta name=\"description\" content=\"Bei Juwelier Am Schloss mit der neuen Bold Elegance-Kollektion von Thomas Sabo wird der Muttertag 2025 besonders stilvoll gefeiert.\" \/>\n<meta name=\"robots\" content=\"index, follow, max-snippet:-1, max-image-preview:large, max-video-preview:-1\" \/>\n<link rel=\"canonical\" href=\"https:\/\/juwelieramschloss.de\/fashion\/aktuelles\/thomas-sabo-perlenpower-zum-muttertag\/\" \/>\n<meta property=\"og:locale\" content=\"de_DE\" \/>\n<meta property=\"og:type\" content=\"article\" \/>\n<meta property=\"og:title\" content=\"Thomas Sabo: Perlenpower zum Muttertag - Juwelier Am Schloss Fashion\" \/>\n<meta property=\"og:description\" content=\"Bei Juwelier Am Schloss mit der neuen Bold Elegance-Kollektion von Thomas Sabo wird der Muttertag 2025 besonders stilvoll gefeiert.\" \/>\n<meta property=\"og:url\" content=\"https:\/\/juwelieramschloss.de\/fashion\/aktuelles\/thomas-sabo-perlenpower-zum-muttertag\/\" \/>\n<meta property=\"og:site_name\" content=\"Juwelier Am Schloss Fashion\" \/>\n<meta property=\"article:published_time\" content=\"2025-04-23T09:07:16+00:00\" \/>\n<meta property=\"article:modified_time\" content=\"2025-04-28T07:56:49+00:00\" \/>\n<meta property=\"og:image\" content=\"https:\/\/juwelieramschloss.de\/fashion\/wp-content\/uploads\/sites\/5\/2025\/04\/muttertag-news-2025-2.jpg\" \/>\n\t<meta property=\"og:image:width\" content=\"800\" \/>\n\t<meta property=\"og:image:height\" content=\"600\" \/>\n\t<meta property=\"og:image:type\" content=\"image\/jpeg\" \/>\n<meta name=\"author\" content=\"polina\" \/>\n<meta name=\"twitter:card\" content=\"summary_large_image\" \/>\n<meta name=\"twitter:label1\" content=\"Geschrieben von\" \/>\n\t<meta name=\"twitter:data1\" content=\"polina\" \/>\n\t<meta name=\"twitter:label2\" content=\"Gesch\u00e4tzte Lesezeit\" \/>\n\t<meta name=\"twitter:data2\" content=\"3\u00a0Minuten\" \/>\n<script type=\"application\/ld+json\" class=\"yoast-schema-graph\">{\"@context\":\"https:\/\/schema.org\",\"@graph\":[{\"@type\":\"Article\",\"@id\":\"https:\/\/juwelieramschloss.de\/fashion\/aktuelles\/thomas-sabo-perlenpower-zum-muttertag\/#article\",\"isPartOf\":{\"@id\":\"https:\/\/juwelieramschloss.de\/fashion\/aktuelles\/thomas-sabo-perlenpower-zum-muttertag\/\"},\"author\":{\"name\":\"polina\",\"@id\":\"https:\/\/juwelieramschloss.de\/fashion\/#\/schema\/person\/3a01c2fad2fb7ada7ac77f51bcd175b1\"},\"headline\":\"Thomas Sabo: Perlenpower zum Muttertag\",\"datePublished\":\"2025-04-23T09:07:16+00:00\",\"dateModified\":\"2025-04-28T07:56:49+00:00\",\"mainEntityOfPage\":{\"@id\":\"https:\/\/juwelieramschloss.de\/fashion\/aktuelles\/thomas-sabo-perlenpower-zum-muttertag\/\"},\"wordCount\":351,\"commentCount\":0,\"publisher\":{\"@id\":\"https:\/\/juwelieramschloss.de\/fashion\/#organization\"},\"articleSection\":[\"Aktuelles\"],\"inLanguage\":\"de\",\"potentialAction\":[{\"@type\":\"CommentAction\",\"name\":\"Comment\",\"target\":[\"https:\/\/juwelieramschloss.de\/fashion\/aktuelles\/thomas-sabo-perlenpower-zum-muttertag\/#respond\"]}]},{\"@type\":\"WebPage\",\"@id\":\"https:\/\/juwelieramschloss.de\/fashion\/aktuelles\/thomas-sabo-perlenpower-zum-muttertag\/\",\"url\":\"https:\/\/juwelieramschloss.de\/fashion\/aktuelles\/thomas-sabo-perlenpower-zum-muttertag\/\",\"name\":\"Thomas Sabo: Perlenpower zum Muttertag - Juwelier Am Schloss Fashion\",\"isPartOf\":{\"@id\":\"https:\/\/juwelieramschloss.de\/fashion\/#website\"},\"datePublished\":\"2025-04-23T09:07:16+00:00\",\"dateModified\":\"2025-04-28T07:56:49+00:00\",\"description\":\"Bei Juwelier Am Schloss mit der neuen Bold Elegance-Kollektion von Thomas Sabo wird der Muttertag 2025 besonders stilvoll gefeiert.\",\"breadcrumb\":{\"@id\":\"https:\/\/juwelieramschloss.de\/fashion\/aktuelles\/thomas-sabo-perlenpower-zum-muttertag\/#breadcrumb\"},\"inLanguage\":\"de\",\"potentialAction\":[{\"@type\":\"ReadAction\",\"target\":[\"https:\/\/juwelieramschloss.de\/fashion\/aktuelles\/thomas-sabo-perlenpower-zum-muttertag\/\"]}]},{\"@type\":\"BreadcrumbList\",\"@id\":\"https:\/\/juwelieramschloss.de\/fashion\/aktuelles\/thomas-sabo-perlenpower-zum-muttertag\/#breadcrumb\",\"itemListElement\":[{\"@type\":\"ListItem\",\"position\":1,\"name\":\"Startseite\",\"item\":\"https:\/\/juwelieramschloss.de\/fashion\/\"},{\"@type\":\"ListItem\",\"position\":2,\"name\":\"Thomas Sabo: Perlenpower zum Muttertag\"}]},{\"@type\":\"WebSite\",\"@id\":\"https:\/\/juwelieramschloss.de\/fashion\/#website\",\"url\":\"https:\/\/juwelieramschloss.de\/fashion\/\",\"name\":\"Juwelier Am Schloss Fashion\",\"description\":\"\",\"publisher\":{\"@id\":\"https:\/\/juwelieramschloss.de\/fashion\/#organization\"},\"potentialAction\":[{\"@type\":\"SearchAction\",\"target\":{\"@type\":\"EntryPoint\",\"urlTemplate\":\"https:\/\/juwelieramschloss.de\/fashion\/?s={search_term_string}\"},\"query-input\":\"required name=search_term_string\"}],\"inLanguage\":\"de\"},{\"@type\":\"Organization\",\"@id\":\"https:\/\/juwelieramschloss.de\/fashion\/#organization\",\"name\":\"Juwelier Am Schloss Fashion\",\"url\":\"https:\/\/juwelieramschloss.de\/fashion\/\",\"logo\":{\"@type\":\"ImageObject\",\"inLanguage\":\"de\",\"@id\":\"https:\/\/juwelieramschloss.de\/fashion\/#\/schema\/logo\/image\/\",\"url\":\"https:\/\/juwelieramschloss.de\/fashion\/wp-content\/uploads\/sites\/5\/2018\/09\/cropped-Am-Schloss-Fashion-Logo-1.png\",\"contentUrl\":\"https:\/\/juwelieramschloss.de\/fashion\/wp-content\/uploads\/sites\/5\/2018\/09\/cropped-Am-Schloss-Fashion-Logo-1.png\",\"width\":487,\"height\":133,\"caption\":\"Juwelier Am Schloss Fashion\"},\"image\":{\"@id\":\"https:\/\/juwelieramschloss.de\/fashion\/#\/schema\/logo\/image\/\"}},{\"@type\":\"Person\",\"@id\":\"https:\/\/juwelieramschloss.de\/fashion\/#\/schema\/person\/3a01c2fad2fb7ada7ac77f51bcd175b1\",\"name\":\"polina\",\"image\":{\"@type\":\"ImageObject\",\"inLanguage\":\"de\",\"@id\":\"https:\/\/juwelieramschloss.de\/fashion\/#\/schema\/person\/image\/\",\"url\":\"https:\/\/secure.gravatar.com\/avatar\/4087cbad399d7957ba342a9d9816010e?s=96&d=mm&r=g\",\"contentUrl\":\"https:\/\/secure.gravatar.com\/avatar\/4087cbad399d7957ba342a9d9816010e?s=96&d=mm&r=g\",\"caption\":\"polina\"}}]}<\/script>\n<!-- \/ Yoast SEO plugin. -->","yoast_head_json":{"title":"Thomas Sabo: Perlenpower zum Muttertag - Juwelier Am Schloss Fashion","description":"Bei Juwelier Am Schloss mit der neuen Bold Elegance-Kollektion von Thomas Sabo wird der Muttertag 2025 besonders stilvoll gefeiert.","robots":{"index":"index","follow":"follow","max-snippet":"max-snippet:-1","max-image-preview":"max-image-preview:large","max-video-preview":"max-video-preview:-1"},"canonical":"https:\/\/juwelieramschloss.de\/fashion\/aktuelles\/thomas-sabo-perlenpower-zum-muttertag\/","og_locale":"de_DE","og_type":"article","og_title":"Thomas Sabo: Perlenpower zum Muttertag - Juwelier Am Schloss Fashion","og_description":"Bei Juwelier Am Schloss mit der neuen Bold Elegance-Kollektion von Thomas Sabo wird der Muttertag 2025 besonders stilvoll gefeiert.","og_url":"https:\/\/juwelieramschloss.de\/fashion\/aktuelles\/thomas-sabo-perlenpower-zum-muttertag\/","og_site_name":"Juwelier Am Schloss Fashion","article_published_time":"2025-04-23T09:07:16+00:00","article_modified_time":"2025-04-28T07:56:49+00:00","og_image":[{"width":800,"height":600,"url":"https:\/\/juwelieramschloss.de\/fashion\/wp-content\/uploads\/sites\/5\/2025\/04\/muttertag-news-2025-2.jpg","type":"image\/jpeg"}],"author":"polina","twitter_card":"summary_large_image","twitter_misc":{"Geschrieben von":"polina","Gesch\u00e4tzte Lesezeit":"3\u00a0Minuten"},"schema":{"@context":"https:\/\/schema.org","@graph":[{"@type":"Article","@id":"https:\/\/juwelieramschloss.de\/fashion\/aktuelles\/thomas-sabo-perlenpower-zum-muttertag\/#article","isPartOf":{"@id":"https:\/\/juwelieramschloss.de\/fashion\/aktuelles\/thomas-sabo-perlenpower-zum-muttertag\/"},"author":{"name":"polina","@id":"https:\/\/juwelieramschloss.de\/fashion\/#\/schema\/person\/3a01c2fad2fb7ada7ac77f51bcd175b1"},"headline":"Thomas Sabo: Perlenpower zum Muttertag","datePublished":"2025-04-23T09:07:16+00:00","dateModified":"2025-04-28T07:56:49+00:00","mainEntityOfPage":{"@id":"https:\/\/juwelieramschloss.de\/fashion\/aktuelles\/thomas-sabo-perlenpower-zum-muttertag\/"},"wordCount":351,"commentCount":0,"publisher":{"@id":"https:\/\/juwelieramschloss.de\/fashion\/#organization"},"articleSection":["Aktuelles"],"inLanguage":"de","potentialAction":[{"@type":"CommentAction","name":"Comment","target":["https:\/\/juwelieramschloss.de\/fashion\/aktuelles\/thomas-sabo-perlenpower-zum-muttertag\/#respond"]}]},{"@type":"WebPage","@id":"https:\/\/juwelieramschloss.de\/fashion\/aktuelles\/thomas-sabo-perlenpower-zum-muttertag\/","url":"https:\/\/juwelieramschloss.de\/fashion\/aktuelles\/thomas-sabo-perlenpower-zum-muttertag\/","name":"Thomas Sabo: Perlenpower zum Muttertag - Juwelier Am Schloss Fashion","isPartOf":{"@id":"https:\/\/juwelieramschloss.de\/fashion\/#website"},"datePublished":"2025-04-23T09:07:16+00:00","dateModified":"2025-04-28T07:56:49+00:00","description":"Bei Juwelier Am Schloss mit der neuen Bold Elegance-Kollektion von Thomas Sabo wird der Muttertag 2025 besonders stilvoll gefeiert.","breadcrumb":{"@id":"https:\/\/juwelieramschloss.de\/fashion\/aktuelles\/thomas-sabo-perlenpower-zum-muttertag\/#breadcrumb"},"inLanguage":"de","potentialAction":[{"@type":"ReadAction","target":["https:\/\/juwelieramschloss.de\/fashion\/aktuelles\/thomas-sabo-perlenpower-zum-muttertag\/"]}]},{"@type":"BreadcrumbList","@id":"https:\/\/juwelieramschloss.de\/fashion\/aktuelles\/thomas-sabo-perlenpower-zum-muttertag\/#breadcrumb","itemListElement":[{"@type":"ListItem","position":1,"name":"Startseite","item":"https:\/\/juwelieramschloss.de\/fashion\/"},{"@type":"ListItem","position":2,"name":"Thomas Sabo: Perlenpower zum Muttertag"}]},{"@type":"WebSite","@id":"https:\/\/juwelieramschloss.de\/fashion\/#website","url":"https:\/\/juwelieramschloss.de\/fashion\/","name":"Juwelier Am Schloss Fashion","description":"","publisher":{"@id":"https:\/\/juwelieramschloss.de\/fashion\/#organization"},"potentialAction":[{"@type":"SearchAction","target":{"@type":"EntryPoint","urlTemplate":"https:\/\/juwelieramschloss.de\/fashion\/?s={search_term_string}"},"query-input":"required name=search_term_string"}],"inLanguage":"de"},{"@type":"Organization","@id":"https:\/\/juwelieramschloss.de\/fashion\/#organization","name":"Juwelier Am Schloss Fashion","url":"https:\/\/juwelieramschloss.de\/fashion\/","logo":{"@type":"ImageObject","inLanguage":"de","@id":"https:\/\/juwelieramschloss.de\/fashion\/#\/schema\/logo\/image\/","url":"https:\/\/juwelieramschloss.de\/fashion\/wp-content\/uploads\/sites\/5\/2018\/09\/cropped-Am-Schloss-Fashion-Logo-1.png","contentUrl":"https:\/\/juwelieramschloss.de\/fashion\/wp-content\/uploads\/sites\/5\/2018\/09\/cropped-Am-Schloss-Fashion-Logo-1.png","width":487,"height":133,"caption":"Juwelier Am Schloss Fashion"},"image":{"@id":"https:\/\/juwelieramschloss.de\/fashion\/#\/schema\/logo\/image\/"}},{"@type":"Person","@id":"https:\/\/juwelieramschloss.de\/fashion\/#\/schema\/person\/3a01c2fad2fb7ada7ac77f51bcd175b1","name":"polina","image":{"@type":"ImageObject","inLanguage":"de","@id":"https:\/\/juwelieramschloss.de\/fashion\/#\/schema\/person\/image\/","url":"https:\/\/secure.gravatar.com\/avatar\/4087cbad399d7957ba342a9d9816010e?s=96&d=mm&r=g","contentUrl":"https:\/\/secure.gravatar.com\/avatar\/4087cbad399d7957ba342a9d9816010e?s=96&d=mm&r=g","caption":"polina"}}]}},"_links":{"self":[{"href":"https:\/\/juwelieramschloss.de\/fashion\/wp-json\/wp\/v2\/posts\/21536"}],"collection":[{"href":"https:\/\/juwelieramschloss.de\/fashion\/wp-json\/wp\/v2\/posts"}],"about":[{"href":"https:\/\/juwelieramschloss.de\/fashion\/wp-json\/wp\/v2\/types\/post"}],"author":[{"embeddable":true,"href":"https:\/\/juwelieramschloss.de\/fashion\/wp-json\/wp\/v2\/users\/7"}],"replies":[{"embeddable":true,"href":"https:\/\/juwelieramschloss.de\/fashion\/wp-json\/wp\/v2\/comments?post=21536"}],"version-history":[{"count":18,"href":"https:\/\/juwelieramschloss.de\/fashion\/wp-json\/wp\/v2\/posts\/21536\/revisions"}],"predecessor-version":[{"id":21617,"href":"https:\/\/juwelieramschloss.de\/fashion\/wp-json\/wp\/v2\/posts\/21536\/revisions\/21617"}],"wp:featuredmedia":[{"embeddable":true,"href":"https:\/\/juwelieramschloss.de\/fashion\/wp-json\/wp\/v2\/media\/21546"}],"wp:attachment":[{"href":"https:\/\/juwelieramschloss.de\/fashion\/wp-json\/wp\/v2\/media?parent=21536"}],"wp:term":[{"taxonomy":"category","embeddable":true,"href":"https:\/\/juwelieramschloss.de\/fashion\/wp-json\/wp\/v2\/categories?post=21536"},{"taxonomy":"post_tag","embeddable":true,"href":"https:\/\/juwelieramschloss.de\/fashion\/wp-json\/wp\/v2\/tags?post=21536"}],"curies":[{"name":"wp","href":"https:\/\/api.w.org\/{rel}","templated":true}]}}